{"id":17127,"date":"2015-03-19T16:23:09","date_gmt":"2015-03-19T15:23:09","guid":{"rendered":"http:\/\/www.lte-anbieter.info\/lte-news\/?p=17127"},"modified":"2015-03-19T16:23:09","modified_gmt":"2015-03-19T15:23:09","slug":"cebit-breitbandausbau-muss-an-tempo-zulegen-im-messegespraech-mit-bundestagsmitglied-lars-klingbeil","status":"publish","type":"post","link":"https:\/\/www.lte-anbieter.info\/lte-news\/cebit-breitbandausbau-muss-an-tempo-zulegen-im-messegespraech-mit-bundestagsmitglied-lars-klingbeil","title":{"rendered":"CeBIT: Breitbandausbau muss an Tempo zulegen \u2013 im Messegespr\u00e4ch mit Bundestagsmitglied Lars Klingbeil"},"content":{"rendered":"<p>Allerorten prangen Symbole der Bundesregierung auf der CeBIT. Offizielle schneiden nicht nur B\u00e4nder durch, sondern halten auch bedeutungsschwere Reden \u00fcber die Wichtigkeit von (mobilem) Breitbandinternet f\u00fcr den Standort Deutschland. Doch was steckt dahinter? Was soll erreicht werden, was konnte bereits realisiert werden? Wir sprachen exklusiv mit Bundestagsmitglied Lars Klingbeil.<!--more--><\/p>\n<h2>Breitband im Parlament<\/h2>\n<p>Mit einigem Stolz gab die gro\u00dfe Koalition kurz nach der Regierungsbildung bekannt, dass man sich durch das erweiterte Ministerium f\u00fcr Verkehr und digitale Infrastruktur noch mehr um die Belange der Digitalisierung unseres Landes bem\u00fchen m\u00f6chte. \u201eKlar ist, dass das Thema erstmals strukturell in der Bundesregierung und im Parlament verankert ist\u201c, erl\u00e4utert SPD-Mitglied Lars Klingbeil die Arbeit des Ministeriums gegen\u00fcber LTE-Anbieter.info. Beim Breitbandausbau habe man aber Zeit verloren, da \u201ebrauchen wir jetzt mehr Tempo\u201c, so Klingbeil.<\/p>\n<h2>LTE kein Allheilmittel<\/h2>\n<p>Auch im Bereich des LTE-Ausbaus sei einiges erreicht worden. Ein \u201eAllheilmittel\u201c sei die mobile Internettechnologie f\u00fcr l\u00e4ndliche Regionen allerdings bei weitem nicht, auch wenn \u201ean einigen Stellen wei\u00dfe Flecken beseitigt\u201c werden konnten. Ohne ein leistungs- und zukunftsf\u00e4higes Glasfasernetz ginge es eben nicht, erl\u00e4utert Klingbeil, der als Sprecher der Arbeitsgruppe digitale Agenda agiert. <\/p>\n<h2>Politiker im Exklusiv-Interview<\/h2>\n<p>Lesen Sie mehr \u00fcber Beschl\u00fcsse, deren Umsetzung und das richtige Tempo f\u00fcr einen erfolgreichen Breitbandausbau.<\/p>\n<p>&nbsp;<\/p>\n<div class=\"highlight2\">CeBIT-Interview: \u201eLTE ersetzt keine zukunftsf\u00e4hige Glasfaser-Infrastruktur\u201c \u2013 im <a href=\"https:\/\/www.lte-anbieter.info\/interviews\/15\/cebit-klingbeil.php\">Gespr\u00e4ch mit Lars Klingbeil<\/a> (SPD), Sprecher Arbeitsgruppe digitale Agenda im Deutschen Bundestag<\/div>\n<p>&nbsp;<\/p>\n<div style='text-align:center' class='yasr-auto-insert-visitor'><\/div>","protected":false},"excerpt":{"rendered":"<p>Allerorten prangen Symbole der Bundesregierung auf der CeBIT. Offizielle schneiden nicht nur B\u00e4nder durch, sondern halten auch bedeutungsschwere Reden \u00fcber die Wichtigkeit von (mobilem) Breitbandinternet f\u00fcr den Standort Deutschland. Doch was steckt dahinter? Was soll erreicht werden, was konnte bereits realisiert werden? Wir sprachen exklusiv mit Bundestagsmitglied Lars Klingbeil.<\/p>\n","protected":false},"author":1,"featured_media":0,"comment_status":"open","ping_status":"closed","sticky":false,"template":"","format":"standard","meta":{"yasr_overall_rating":0,"yasr_post_is_review":"","yasr_auto_insert_disabled":"","yasr_review_type":"","iawp_total_views":1,"footnotes":""},"categories":[1,67,21],"tags":[196,266,241,1840,8],"class_list":["post-17127","post","type-post","status-publish","format-standard","hentry","category-allgemein","category-interviews","category-lte-ausbau","tag-ausbau","tag-breitband","tag-interview","tag-klingbeil","tag-lte"],"views":1706,"yasr_visitor_votes":{"stars_attributes":{"read_only":false,"span_bottom":false},"number_of_votes":0,"sum_votes":0},"jetpack_featured_media_url":"","jetpack_shortlink":"https:\/\/wp.me\/pOOxv-4sf","_links":{"self":[{"href":"https:\/\/www.lte-anbieter.info\/lte-news\/wp-json\/wp\/v2\/posts\/17127","targetHints":{"allow":["GET"]}}],"collection":[{"href":"https:\/\/www.lte-anbieter.info\/lte-news\/wp-json\/wp\/v2\/posts"}],"about":[{"href":"https:\/\/www.lte-anbieter.info\/lte-news\/wp-json\/wp\/v2\/types\/post"}],"author":[{"embeddable":true,"href":"https:\/\/www.lte-anbieter.info\/lte-news\/wp-json\/wp\/v2\/users\/1"}],"replies":[{"embeddable":true,"href":"https:\/\/www.lte-anbieter.info\/lte-news\/wp-json\/wp\/v2\/comments?post=17127"}],"version-history":[{"count":0,"href":"https:\/\/www.lte-anbieter.info\/lte-news\/wp-json\/wp\/v2\/posts\/17127\/revisions"}],"wp:attachment":[{"href":"https:\/\/www.lte-anbieter.info\/lte-news\/wp-json\/wp\/v2\/media?parent=17127"}],"wp:term":[{"taxonomy":"category","embeddable":true,"href":"https:\/\/www.lte-anbieter.info\/lte-news\/wp-json\/wp\/v2\/categories?post=17127"},{"taxonomy":"post_tag","embeddable":true,"href":"https:\/\/www.lte-anbieter.info\/lte-news\/wp-json\/wp\/v2\/tags?post=17127"}],"curies":[{"name":"wp","href":"https:\/\/api.w.org\/{rel}","templated":true}]}}