{"id":22688,"date":"2016-09-03T16:31:53","date_gmt":"2016-09-03T14:31:53","guid":{"rendered":"http:\/\/www.lte-anbieter.info\/lte-news\/?p=22688"},"modified":"2023-02-20T11:15:05","modified_gmt":"2023-02-20T10:15:05","slug":"galaxy-note-7-rueckruf-warum","status":"publish","type":"post","link":"https:\/\/www.lte-anbieter.info\/lte-news\/galaxy-note-7-rueckruf-warum","title":{"rendered":"Samsung ruft Galaxy Note 7 zur\u00fcck &#8211; Was ist passiert?"},"content":{"rendered":"<p>Kurz nach dem offiziellen Marktstart hat Samsung sein Modell Note 7 zur\u00fcckgerufen. Wir erkl\u00e4ren, was geschehen ist.<!--more--><\/p>\n<h2>Note 7 wird offiziell von Samsung zur\u00fcckgerufen<\/h2>\n<p>Es ist ein PR-Desaster: Samsung ruft sein neues Flaggschiff Note 7 (lesen Sie <a href=\"https:\/\/www.lte-anbieter.info\/smartphones\/smartphone-samsung-note-7\">hier<\/a> unseren Eindruck des Ger\u00e4ts) aufgrund von explodierenden Akkus zur\u00fcck. Alle, die ihr Ger\u00e4t zur\u00fcckschicken, bekommen ein Neues ersetzt. Nach dem Marktstart vor rund einer Woche, ist dies ziemlich bitter. Weltweit sind etwa 2,5 Millionen Ger\u00e4te von der Umtauschaktion betroffen, sodass es, bedingt durch die riesige Umtauschaktion, eventuell sogar zu Lieferengp\u00e4ssen kommen k\u00f6nnte.<\/p>\n<p>&nbsp;<\/p>\n<p>Dazu Samsung in einer offiziellen Stellungnahme auf Facebook:<\/p>\n<blockquote><p>Stellungnahme Samsung Galaxy Note7:<br \/>\nLiebe Fans von Samsung Mobile Deutschland, Samsung legt gr\u00f6\u00dften Wert auf die Qualit\u00e4t seiner Produkte und wir nehmen jeden Bericht unserer Kunden zu Zwischenf\u00e4llen sehr ernst. In Bezug auf aktuelle F\u00e4lle rund um das neue Galaxy Note7 haben wir eine gr\u00fcndliche Untersuchung durchgef\u00fchrt und Unstimmigkeiten bei den Akkuzellen entdeckt.<\/p>\n<p>&nbsp;<\/p>\n<p>Bis heute (Stand vom 1. September) wurden uns weltweit 35 F\u00e4lle gemeldet. Derzeit f\u00fchren wir eine umfassende Analyse mit unseren Zulieferern durch, um m\u00f6glicherweise betroffene Batterien, die bereits auf dem Markt sind, zu identifizieren. Da jedoch die Sicherheit unserer Kunden h\u00f6chste Priorit\u00e4t hat, haben wir den Verkauf das Galaxy Note7 vorerst gestoppt.<br \/>\nKunden, die ihr Galaxy Note7 bereits erhalten haben, werden wir ihr Ger\u00e4t in den kommenden Wochen selbstverst\u00e4ndlich durch ein neues ersetzen.<\/p><\/blockquote>\n<h2>Grund ist ein kleiner Fehler im Akku<\/h2>\n<p>Dass diese Fehler Samsung nun teuer zu stehen kommen, hat auch einen weiteren Grund. Seit dem Modell <a href=\"https:\/\/www.lte-anbieter.info\/smartphones\/smartphone-samsung-galaxy-s6\">Galaxy S6<\/a> wurden die Akkus der Ger\u00e4te fest ins Geh\u00e4use eingebaut, sodass ein schneller Austausch des Akkus nicht mehr vom Anwender, sondern nur von Personen mit Fachkenntnissen durchgef\u00fchrt werden k\u00f6nnen. Diese Einbauweise macht sich nun mehr als negativ bemerkbar, da der Fehler im Zellensystem des Akkus liegt. So m\u00fcssen nun alle Ger\u00e4te m\u00fchsam und kostspielig ausgetauscht werden, anstatt den Kunden schnell und unkompliziert neue Akkus auszuh\u00e4ndigen.<\/p>\n<p>&nbsp;<\/p>\n<p>Einen Eindruck, wie gravierend das Problem ist, gibt dieses Video von einem Besitzer eines Note 7 wieder:<\/p>\n<p>&nbsp;<\/p>\n<p><iframe loading=\"lazy\" width=\"588\" height=\"315\" src=\"https:\/\/www.youtube.com\/embed\/-quaBJf4E6o\" frameborder=\"0\" allowfullscreen><\/iframe><\/p>\n<h2>Die Lage in Deutschland<\/h2>\n<p>Urspr\u00fcnglich war der 2. Dezember als Verkaufsstart angedacht, die Vorbestellungen <a href=\"https:\/\/www.lte-anbieter.info\/lte-news\/samsung-galaxy-note-7-vorbestellen\" target=\"_blank\" rel=\"noopener\">laufen bereits l\u00e4nger<\/a>. Aufgrund der Probleme wurden jenes nun verschoben und eine Hotline eingerichtet, bei welcher Kunden ihr zu erwartendes Ger\u00e4t f\u00fcr den Austausch registrieren k\u00f6nnen. F\u00e4lle, in denen jemand in Deutschland zu Schaden gekommen w\u00e4re oder Berichte \u00fcber Akkubr\u00e4nde eines Note 7 Ger\u00e4ts in Deutschland, sind noch nicht bekannt geworden. Unter dem Statement von Samsung auf Facebook tummeln sich derweil einige negative Reaktionen, allerdings erntet der Hersteller aber auch Anerkennung wegen der offenen Kommunikation.<\/p>\n<p>&nbsp;<\/p>\n<p>Auch wenn dieses Ereignis f\u00fcr viele sehr \u00e4rgerlich ist, k\u00f6nnte es auch eine gute Tradition zur\u00fcckkehren lassen: Vielleicht wird es bald wieder mehr Flaggschiffe mit austauschbarem Akku geben.<\/p>\n<h2>Update:<\/h2>\n<p>Es hilft wohl alles nichts, so k\u00f6nnte man das Dilemma zusammenfassen. Samsung wird das Note7 weltweit zur\u00fcckrufen und aus dem Programm nehmen, da man offensichtlich die Akku-Probleme nicht in den Griff bekommt.<\/p>\n<div class=\"quellenews2\">\nQuelle: Samsung\n<\/div>\n<div style='text-align:center' class='yasr-auto-insert-visitor'><\/div>","protected":false},"excerpt":{"rendered":"<p>Kurz nach dem offiziellen Marktstart hat Samsung sein Modell Note 7 zur\u00fcckgerufen. Wir erkl\u00e4ren, was geschehen ist.<\/p>\n","protected":false},"author":24,"featured_media":0,"comment_status":"open","ping_status":"closed","sticky":false,"template":"","format":"standard","meta":{"yasr_overall_rating":0,"yasr_post_is_review":"","yasr_auto_insert_disabled":"","yasr_review_type":"","iawp_total_views":1,"footnotes":""},"categories":[689],"tags":[767,2850,2851,28],"class_list":["post-22688","post","type-post","status-publish","format-standard","hentry","category-smartphones-2","tag-akku","tag-note-7","tag-rueckruf","tag-samsung"],"views":1367,"yasr_visitor_votes":{"stars_attributes":{"read_only":false,"span_bottom":false},"number_of_votes":2,"sum_votes":9},"jetpack_featured_media_url":"","jetpack_shortlink":"https:\/\/wp.me\/pOOxv-5TW","_links":{"self":[{"href":"https:\/\/www.lte-anbieter.info\/lte-news\/wp-json\/wp\/v2\/posts\/22688","targetHints":{"allow":["GET"]}}],"collection":[{"href":"https:\/\/www.lte-anbieter.info\/lte-news\/wp-json\/wp\/v2\/posts"}],"about":[{"href":"https:\/\/www.lte-anbieter.info\/lte-news\/wp-json\/wp\/v2\/types\/post"}],"author":[{"embeddable":true,"href":"https:\/\/www.lte-anbieter.info\/lte-news\/wp-json\/wp\/v2\/users\/24"}],"replies":[{"embeddable":true,"href":"https:\/\/www.lte-anbieter.info\/lte-news\/wp-json\/wp\/v2\/comments?post=22688"}],"version-history":[{"count":0,"href":"https:\/\/www.lte-anbieter.info\/lte-news\/wp-json\/wp\/v2\/posts\/22688\/revisions"}],"wp:attachment":[{"href":"https:\/\/www.lte-anbieter.info\/lte-news\/wp-json\/wp\/v2\/media?parent=22688"}],"wp:term":[{"taxonomy":"category","embeddable":true,"href":"https:\/\/www.lte-anbieter.info\/lte-news\/wp-json\/wp\/v2\/categories?post=22688"},{"taxonomy":"post_tag","embeddable":true,"href":"https:\/\/www.lte-anbieter.info\/lte-news\/wp-json\/wp\/v2\/tags?post=22688"}],"curies":[{"name":"wp","href":"https:\/\/api.w.org\/{rel}","templated":true}]}}