{"id":25717,"date":"2017-07-29T16:15:36","date_gmt":"2017-07-29T14:15:36","guid":{"rendered":"http:\/\/www.lte-anbieter.info\/lte-news\/?p=25717"},"modified":"2023-02-20T15:49:03","modified_gmt":"2023-02-20T14:49:03","slug":"lte-nachfolger-5g-frequenzauktion-soll-zweistelligen-milliardenbetrag-einbringen","status":"publish","type":"post","link":"https:\/\/www.lte-anbieter.info\/lte-news\/lte-nachfolger-5g-frequenzauktion-soll-zweistelligen-milliardenbetrag-einbringen","title":{"rendered":"LTE-Nachfolger 5G: Frequenzauktion soll zweistelligen Milliardenbetrag einbringen"},"content":{"rendered":"<p>N\u00e4chstes Jahr steht die gro\u00dfe Vergabe der <a href=\"https:\/\/www.lte-anbieter.info\/5g\/\" data-internallinksmanager029f6b8e52c=\"73\" title=\"alles zum LTE-Nachfolger 5G\">5G<\/a>-<a href=\"https:\/\/www.lte-anbieter.info\/ratgeber\/frequenzen-lte.php\" data-internallinksmanager029f6b8e52c=\"8\" title=\"Rategeber: alles zum Thema LTE-Frequenzen\">Frequenzen<\/a> auf dem Plan. Durch diese Auktion erwartet der CSU-Bundesminister Alexander Dobrinth Einnahmen in zweistelliger Milliardenh\u00f6he. Mit den Einnahmen soll Ein F\u00f6rderprogramm f\u00fcr den Ausbau des f\u00fcnften Mobilfunkstandards initiiert werden. Aktuell steht zwar noch eine Bewilligung der Versteigerung der Bundesnetzagentur aus, hierbei handelt es sich jedoch eher um eine Formsache.<!--more--><\/p>\n<h2>Dobrinth plant bereits jetzt mit 5G-Ressourcen<\/h2>\n<div class=\"pic_r\"><img decoding=\"async\" src=\"https:\/\/www.lte-anbieter.info\/lte-news\/wp-content\/uploads\/2015\/09\/5g.jpg\" alt=\"5G\" width=\"270\"><\/div>\n<p>In 2018 soll es eine Frequenzauktion geben, bei der Netzbetreiber hierzulande neues Spektrum f\u00fcr ihre <a href=\"https:\/\/www.lte-anbieter.info\/5g\/\">5G<\/a>-Infrastruktur erwerben k\u00f6nnen. Um eine solche Vergabe umzusetzen, wird jedoch der Segen der Bundesnetzagentur ben\u00f6tigt. Erst wenn diese eine Frequenzknappheit feststellt, kann auch eine entsprechende Aktion veranlasst werden. Dies sollte jedoch kein Problem sein, da ein neuer Mobilfunkstandard schlie\u00dflich eine entsprechende Basis ben\u00f6tigt. Alexander Dobrinth, Bundesminister f\u00fcr Verkehr und digitale Infrastruktur, schmiedet deshalb schon entsprechende Pl\u00e4ne mit den bevorstehenden Einnahmen.<\/p>\n<h2>Wof\u00fcr sollen die Erl\u00f6se der Frequenzauktion eingesetzt werden?<\/h2>\n<p>Einen zweistelligen Milliardenbetrag erwartet der Bundesminister von der Auktion, die n\u00e4chstes Jahr stattfinden soll. Die f\u00fcr die zu versteigernden Frequenzen gedachte 5G-Technik, soll dann 2020 marktreif sein. Besagte Marktreife entspricht jedoch noch nicht einer Verf\u00fcgbarkeit f\u00fcr das Mobilfunknetz. Das angestrebte F\u00f6rderprogramm hat Anwendungsgebiete wie das autonome Fahren, optimierte Industrieabl\u00e4ufe \u00fcber IoT, das Gesundheitswesen, die Energieversorgung und die Landwirtschaft im Fokus. Eine entsprechende Ausbaustrategie wurde Mitte Juli ausgekl\u00fcgelt.<\/p>\n<h2>Welche Frequenzen sind f\u00fcr 5G geplant?<\/h2>\n<p>Gr\u00f6\u00dftenteils ist die Versteigerung hoher Frequenzen angepeilt, etwa das Spektrum zwischen 3,4 GHz und 3,8 GHz. Dieses w\u00fcrde dann in 10-MHz-Bl\u00f6cken angeboten. Nach oben und unten hin ist aber noch Luft, wie die Frequenzen 700 MHz und 26 GHz zeigen, die ebenfalls bei der Auktion pr\u00e4sent sein sollen. Bei der letzten Frequenzauktion hierzulande im Jahre 2015, haben die <a href=\"https:\/\/www.lte-anbieter.info\/lte-provider\/telekom\/telekom-lte.php\">Telekom<\/a>, <a href=\"https:\/\/www.lte-anbieter.info\/lte-provider\/vodafone\/vodafone-lte.php\">Vodafone<\/a> und <a href=\"https:\/\/www.lte-anbieter.info\/lte-provider\/o2\/o2-lte.php\">Telef\u00f3nica<\/a> bereits Bl\u00f6cke innerhalb der 700 MHz erworben. Trotz der nahenden 5G-Einf\u00fchrung, wird <a href=\"https:\/\/www.lte-anbieter.info\/\">LTE<\/a> noch \u00fcber einen langen Zeitraum eine gro\u00dfe Rolle im Mobilfunkbereich spielen. Eine Koexistenz beider Technologien d\u00fcrfte die Netzqualit\u00e4t deutlich aufwerten.<\/p>\n<div style='text-align:center' class='yasr-auto-insert-visitor'><\/div>","protected":false},"excerpt":{"rendered":"<p>N\u00e4chstes Jahr steht die gro\u00dfe Vergabe der 5G-Frequenzen auf dem Plan. Durch diese Auktion erwartet der CSU-Bundesminister Alexander Dobrinth Einnahmen in zweistelliger Milliardenh\u00f6he. Mit den Einnahmen soll Ein F\u00f6rderprogramm f\u00fcr den Ausbau des f\u00fcnften Mobilfunkstandards initiiert werden. Aktuell steht zwar noch eine Bewilligung der Versteigerung der Bundesnetzagentur aus, hierbei handelt es sich jedoch eher um [&hellip;]<\/p>\n","protected":false},"author":21,"featured_media":0,"comment_status":"open","ping_status":"closed","sticky":false,"template":"","format":"standard","meta":{"yasr_overall_rating":0,"yasr_post_is_review":"","yasr_auto_insert_disabled":"","yasr_review_type":"","iawp_total_views":4,"footnotes":""},"categories":[1],"tags":[1082,196,3287,178],"class_list":["post-25717","post","type-post","status-publish","format-standard","hentry","category-allgemein","tag-5g","tag-ausbau","tag-dobrinth","tag-frequenzauktion"],"views":2183,"yasr_visitor_votes":{"stars_attributes":{"read_only":false,"span_bottom":false},"number_of_votes":5,"sum_votes":20},"jetpack_featured_media_url":"","jetpack_shortlink":"https:\/\/wp.me\/pOOxv-6GN","_links":{"self":[{"href":"https:\/\/www.lte-anbieter.info\/lte-news\/wp-json\/wp\/v2\/posts\/25717","targetHints":{"allow":["GET"]}}],"collection":[{"href":"https:\/\/www.lte-anbieter.info\/lte-news\/wp-json\/wp\/v2\/posts"}],"about":[{"href":"https:\/\/www.lte-anbieter.info\/lte-news\/wp-json\/wp\/v2\/types\/post"}],"author":[{"embeddable":true,"href":"https:\/\/www.lte-anbieter.info\/lte-news\/wp-json\/wp\/v2\/users\/21"}],"replies":[{"embeddable":true,"href":"https:\/\/www.lte-anbieter.info\/lte-news\/wp-json\/wp\/v2\/comments?post=25717"}],"version-history":[{"count":0,"href":"https:\/\/www.lte-anbieter.info\/lte-news\/wp-json\/wp\/v2\/posts\/25717\/revisions"}],"wp:attachment":[{"href":"https:\/\/www.lte-anbieter.info\/lte-news\/wp-json\/wp\/v2\/media?parent=25717"}],"wp:term":[{"taxonomy":"category","embeddable":true,"href":"https:\/\/www.lte-anbieter.info\/lte-news\/wp-json\/wp\/v2\/categories?post=25717"},{"taxonomy":"post_tag","embeddable":true,"href":"https:\/\/www.lte-anbieter.info\/lte-news\/wp-json\/wp\/v2\/tags?post=25717"}],"curies":[{"name":"wp","href":"https:\/\/api.w.org\/{rel}","templated":true}]}}