{"id":35743,"date":"2021-06-02T08:52:48","date_gmt":"2021-06-02T06:52:48","guid":{"rendered":"https:\/\/www.lte-anbieter.info\/lte-news\/?p=35743"},"modified":"2021-06-02T08:52:48","modified_gmt":"2021-06-02T06:52:48","slug":"telekom-und-vodafone-bestaetigen-eingeschraenktes-lte-bei-nacht","status":"publish","type":"post","link":"https:\/\/www.lte-anbieter.info\/lte-news\/telekom-und-vodafone-bestaetigen-eingeschraenktes-lte-bei-nacht","title":{"rendered":"Telekom und Vodafone best\u00e4tigen eingeschr\u00e4nktes LTE bei Nacht"},"content":{"rendered":"<p>Wie Golem berichtet, hat die <a href=\"https:\/\/www.lte-anbieter.info\/lte-provider\/telekom\/telekom-lte.php\" data-internallinksmanager029f6b8e52c=\"32\" title=\"LTE- und 5G-Tarife der Deutschen Telekom zeigen\">Deutsche Telekom<\/a> best\u00e4tigt, dass sie die LTE-Kapazit\u00e4ten ihres Netzes nachts reduziert. Als Gr\u00fcnde f\u00fchrt man unter anderem den Klimaschutz an. Auch <a href=\"https:\/\/www.lte-anbieter.info\/lte-provider\/vodafone\/vodafone-lte.php\" data-internallinksmanager029f6b8e52c=\"33\" title=\"Vodafone LTE- und 5G-Tarife zeigen\">Vodafone<\/a> geht so vor.<!--more--><\/p>\n<h2>Telekom drosselt LTE-Netz<\/h2>\n<p>Das deutsche Tech-Portal Golem.de hat auf Anfrage von der Deutschen Telekom die Best\u00e4tigung erhalten, dass der Konzern die Kapazit\u00e4t des eigenen Mobilfunknetzes nachts herunterregelt. Als Gr\u00fcnde f\u00fchrt der Konzern Nachhaltigkeit und Klimaschutz an. &#8222;Wir schauen uns daher sehr genau an, wo wir tempor\u00e4r und selektiv Ressourcen aus dem Netz nehmen k\u00f6nnen, ohne dass es zu Qualit\u00e4tseinbu\u00dfen f\u00fcr unsere Kunden kommt&#8220;, sagte Telekom-Sprecherin Anne Geelen gegen\u00fcber Golem.de. Durch das intelligente Netzmanagement soll sichergestellt sein, &#8222;dass bei steigenden Anforderungen die Kapazit\u00e4ten automatisch wieder zugeschaltet werden&#8220;.<\/p>\n<p>&nbsp;<\/p>\n<p>Losgetreten wurde die Thematik im Forum des Onlinemagazins Teltarif.de. Ein User hatte beobachtet und dort berichtet, dass bei einer Basisstation in Berlin die 4G-Kapazit\u00e4t nachts regelm\u00e4\u00dfig reduziert wird. Seinen Angaben zufolge, stehen vor Ort tags\u00fcber zwei LTE-Tr\u00e4ger im Frequenzbereich um 1.800 MHz mit einmal 20 MHz und einmal 10 MHz Bandbreite zur Verf\u00fc\u00adgung. Dank <a href=\"https:\/\/www.lte-anbieter.info\/technik\/carrier-aggregation.php\">Carrier Aggregation<\/a>, werden beide Tr\u00e4ger tags\u00fcber gemeinsam genutzt. Nachts hingegen sei seinen Beobachtungen zufolge der Tr\u00e4ger mit 20 MHz Bandbreite weiter aktiv, der mit 10 MHz hingegen aber nicht. Somit gibt es auch kein Carrier Aggregation mehr.<\/p>\n<h2>Auch Vodafone reduziert<\/h2>\n<p>Gleiche Beobachtungen lassen sich auch bei Vodafone machen, wo nachts ebenfalls Energie gespart wird. Dies hatten Betroffene in Forum von Telefon-Treff geschrieben. Dort ist zu lesen: &#8222;Mir ist im Vodafone-Netz in den letzten Tagen aufgefallen, dass bei Multi-Carrier-Standorten immer ab 0 Uhr alle LTE-Carrier mit Ausnahme des Band-20-Carriers abgeschaltet werden. Morgens um sechs sind sie dann wieder da. Hat das noch jemand beobachtet?&#8220;<\/p>\n<p>&nbsp;<\/p>\n<p>Ein weiterer User mit einer reinen LTE-800-Antenne vor dem Haus best\u00e4tigt: &#8222;Seit einer Woche habe ich nun den Effekt, dass ich nachts ab genau 0:00 Uhr nicht mehr mit der 800\/1.800-CA-Zelle verbunden bin, sondern entweder mit der weit entfernten 1.800-Only oder, wenn ich ein Zimmer weiter gehe und das Signal zu schwach wird, mit der 800er direkt vor dem Fenster.&#8220; Gegen sechs Uhr morgens wechselt das Handy dann wieder in die 800\/1.800-CA-Zelle. Auch hier gibt es bereits eine Best\u00e4tigung von Vodafone-Sprecher Volker Petendorf.<\/p>\n<div class=\"quellenews2\">\nQuelle: Golem.de \/ Teltarif.de \/ Telefon-Treff\n<\/div>\n<div style='text-align:center' class='yasr-auto-insert-visitor'><\/div>","protected":false},"excerpt":{"rendered":"<p>Wie Golem berichtet, hat die Deutsche Telekom best\u00e4tigt, dass sie die LTE-Kapazit\u00e4ten ihres Netzes nachts reduziert. Als Gr\u00fcnde f\u00fchrt man unter anderem den Klimaschutz an. Auch Vodafone geht so vor.<\/p>\n","protected":false},"author":27,"featured_media":0,"comment_status":"open","ping_status":"closed","sticky":false,"template":"","format":"standard","meta":{"yasr_overall_rating":0,"yasr_post_is_review":"","yasr_auto_insert_disabled":"","yasr_review_type":"","iawp_total_views":43,"footnotes":""},"categories":[1,20,254,253],"tags":[2620,8,4057,65,33],"class_list":["post-35743","post","type-post","status-publish","format-standard","hentry","category-allgemein","category-lte-anbieter","category-telekom-lte-anbieter","category-vodafone-lte-anbieter","tag-abschaltung","tag-lte","tag-nacht","tag-telekom","tag-vodafone"],"views":1633,"yasr_visitor_votes":{"stars_attributes":{"read_only":false,"span_bottom":false},"number_of_votes":1,"sum_votes":5},"jetpack_featured_media_url":"","jetpack_shortlink":"https:\/\/wp.me\/pOOxv-9iv","_links":{"self":[{"href":"https:\/\/www.lte-anbieter.info\/lte-news\/wp-json\/wp\/v2\/posts\/35743","targetHints":{"allow":["GET"]}}],"collection":[{"href":"https:\/\/www.lte-anbieter.info\/lte-news\/wp-json\/wp\/v2\/posts"}],"about":[{"href":"https:\/\/www.lte-anbieter.info\/lte-news\/wp-json\/wp\/v2\/types\/post"}],"author":[{"embeddable":true,"href":"https:\/\/www.lte-anbieter.info\/lte-news\/wp-json\/wp\/v2\/users\/27"}],"replies":[{"embeddable":true,"href":"https:\/\/www.lte-anbieter.info\/lte-news\/wp-json\/wp\/v2\/comments?post=35743"}],"version-history":[{"count":0,"href":"https:\/\/www.lte-anbieter.info\/lte-news\/wp-json\/wp\/v2\/posts\/35743\/revisions"}],"wp:attachment":[{"href":"https:\/\/www.lte-anbieter.info\/lte-news\/wp-json\/wp\/v2\/media?parent=35743"}],"wp:term":[{"taxonomy":"category","embeddable":true,"href":"https:\/\/www.lte-anbieter.info\/lte-news\/wp-json\/wp\/v2\/categories?post=35743"},{"taxonomy":"post_tag","embeddable":true,"href":"https:\/\/www.lte-anbieter.info\/lte-news\/wp-json\/wp\/v2\/tags?post=35743"}],"curies":[{"name":"wp","href":"https:\/\/api.w.org\/{rel}","templated":true}]}}